{"id":18589,"date":"2026-05-01T06:30:00","date_gmt":"2026-05-01T05:30:00","guid":{"rendered":"https:\/\/roglacup.com\/klaus62\/?p=18589"},"modified":"2026-04-30T19:03:00","modified_gmt":"2026-04-30T18:03:00","slug":"morning-song-before-time-ukraden-dan","status":"publish","type":"post","link":"https:\/\/roglacup.com\/klaus62\/2026\/05\/01\/morning-song-before-time-ukraden-dan\/","title":{"rendered":"Morning song #Before time #Ukraden dan"},"content":{"rendered":"\n<p>\u00a0<em>Le dober mesec po izidu&nbsp;<\/em><strong><em>drugega albuma Vse Kar Smo<\/em><\/strong><em>&nbsp;so se o\u010darljivi kamni\u0161ki indierockerji&nbsp;<\/em><strong><em>BEFORE TIME<\/em><\/strong><em>&nbsp;strumno lotili novega izziva. Svoji glasbi so nadeli akusti\u010dno preobleko ter ji&nbsp;<\/em><strong><em>z godalnim kvartetom, klavirjem&nbsp;<\/em><\/strong><em>in<\/em><strong><em>&nbsp;tolkali<\/em><\/strong><em>&nbsp;dodali orkestrski pridih.<\/em>&nbsp;A<em>vtor in voditelj&nbsp;<\/em><strong><em>Jure Longyka&nbsp;<\/em><\/strong><em>ni skrival navdu\u0161enja:<\/em><strong><em>&nbsp;&#8220;Tako se iz\u0161teka!&#8221;<\/em><\/strong><em>&nbsp;V spremni pogovor se je na poseben na\u010din vklju\u010dilo tudi ob\u010dinstvo. Spomladanski niz v Cankarjevem domu bodo&nbsp;<\/em><strong><em>19. maja<\/em><\/strong><em>&nbsp;sklenili&nbsp;<\/em><a href=\"https:\/\/www.cd-cc.si\/kultura\/glasba\/izstekani-liamere\"><strong><em>LIAMERE<\/em><\/strong><\/a><em>.<\/em><\/p>\n\n\n\n<p><a href=\"http:\/\/www.facebook.com\/beforetimeband\">Before Time<\/a>&nbsp;so se zbrali kot najstniki leta 2017, nase opozorili z zmago na \u0160pil ligi v sezoni 2019\/20 in prvenstvo med mladimi bendi utrdili z zmago na \u0160ourocku 2023. Istega leta so izdali&nbsp;<strong>prvenec&nbsp;<\/strong><a href=\"https:\/\/beforetime.bandcamp.com\/album\/omni\"><strong>OMNI<\/strong><\/a>. V glasbi zdru\u017eujejo neverjeten elan, lepoto, milino, mladostno energijo in resen, zavzet pogled na svet. Za spevnostjo in kristalno sijo\u010dim zvokom so kompleksni aran\u017emaji in dovr\u0161ena izvedba, ve\u010d \u010dlanov je perspektivnih \u0161tudentov glasbe. Po nizu novoizdanih skladb so pravkar objavili&nbsp;<strong>drugi album&nbsp;<\/strong><a href=\"https:\/\/www.youtube.com\/playlist?list=PLQAQhJI_g4Erbw2SZIxehs67UGylmNuFT\"><strong>Vse Kar Smo<\/strong><\/a>.&nbsp;<em>&#8220;Je nadaljevanje na\u0161ega odra\u0161\u010danja. Tako kot so razburkana ta leta, je razburkan album,&#8221;<\/em>&nbsp;pripoveduje&nbsp;<strong>pevka Naja<\/strong>.&nbsp;<em>&#8220;Zelo ustreza naslovu. Govori o tem, kar smo kot dru\u017eba in kar smo mi. V tem bendu je najlep\u0161e, da smo lahko to, kar smo,&#8221;<\/em>&nbsp;dodaja&nbsp;<strong>basist Peter<\/strong>.&nbsp;<em>&#8220;Zveni zelo naravno, uporabili smo manj elektronskih instrumentov, godalni kvartet pa je dodal eno najlep\u0161ih zvo\u010dnih barv, kar jih obstaja.&#8221;<\/em><\/p>\n\n\n\n<p>Z&nbsp;<strong>godalnim kvartetom<\/strong>&nbsp;so&nbsp;<a href=\"https:\/\/www.instagram.com\/_beforetime_\">Before Time<\/a>&nbsp;pri\u0161li tudi v&nbsp;<a href=\"https:\/\/www.youtube.com\/watch?v=Wtse2BDCktk\">Iz\u0161tekane<\/a>.&nbsp;<em>&#8220;Z akustiko eksperimentiramo \u017ee dolgo, a doslej le v zasedbi nas petih.&nbsp; V Iz\u0161tekane pa smo zaradi velikosti dvorane in zahtevnosti produkcije povabili prijatelje, akademske glasbenike.&#8221;<\/em>&nbsp;Skladbe z obeh albumov so dobile popolnoma novo preobleko. Godalom so se pridru\u017eili tudi&nbsp;<strong>klavir<\/strong>&nbsp;in&nbsp;<strong>tolkala<\/strong>.&nbsp;<em>&#8220;Zvok je bil kljub akusti\u010dnosti poln in barvito orkestrski. Za vse nas je bila to&nbsp;<\/em><strong><em>neponovljiva izku\u0161nja<\/em><\/strong><em>. Niso manjkale tudi skladbe, ki so nam najbolj pri srcu in so \u017ee leta v na\u0161em repertoarju ter so si zaslu\u017eile prenovljeno izvedbo. Iz\u0161tekani&nbsp;<\/em><strong><em>niso bili le koncert<\/em><\/strong><em>, temve\u010d zvo\u010dno in \u010dustveno popotovanje skozi zgodbo, ki jo pripovedujejo na\u0161e pesmi. Res smo vlo\u017eili veliko truda. To je bil eden na\u0161ih najbolj posebnih ve\u010derov doslej.&#8221;<\/em><\/p>\n\n\n\n<p>Naja Lipi\u010dnik \u2013 glas, Toni Lah \u2013 kitara, Aleksander Leon \u0160tukelj \u2013 kitara, Peter Mandelj Meja\u010d \u2013 bas kitara, Domen Flerin \u2013 bobni, Aljo\u0161a Kav\u010di\u010d \u2013 klavir, klaviature, Ajda Bla\u017eevi\u010d Arko \u2013 violina, Karin Antunovi\u0107 \u2013 violina, Lejla Vr\u010dkovnik \u2013 viola, Lovro Drofenik \u2013 violon\u010delo, Janez Spruk \u2013 tolkala<\/p>\n\n\n\n<p>Kot je pri\u00a0<a href=\"https:\/\/www.val202.si\/izstekani\">Iz\u0161tekanih<\/a>\u00a0v navadi, je nastop spremljal pogovor z avtorjem in voditeljem\u00a0<strong>Juretom Longyko<\/strong>. Na poseben na\u010din \u2013 z zapisom s svin\u010dnikom na list papirja &#8211; je nekaj zabavnih vpra\u0161anj zastavilo tudi ob\u010dinstvo.<\/p>\n\n\n\n<p>Posted from: <a href=\"https:\/\/365.rtvslo.si\/podkast\/izstekani\/175215992\">https:\/\/365.rtvslo.si\/podkast\/izstekani\/175215992<\/a><\/p>\n\n\n\n<figure class=\"wp-block-embed is-type-video is-provider-youtube wp-block-embed-youtube wp-embed-aspect-16-9 wp-has-aspect-ratio\"><div class=\"wp-block-embed__wrapper\">\n<iframe loading=\"lazy\"  id=\"_ytid_77017\"  width=\"1200\" height=\"675\"  data-origwidth=\"1200\" data-origheight=\"675\" src=\"https:\/\/www.youtube.com\/embed\/WyzUkr5XR5w?enablejsapi=1&#038;autoplay=0&#038;cc_load_policy=0&#038;cc_lang_pref=&#038;iv_load_policy=1&#038;loop=0&#038;rel=1&#038;fs=1&#038;playsinline=0&#038;autohide=2&#038;theme=dark&#038;color=red&#038;controls=1&#038;disablekb=0&#038;\" class=\"__youtube_prefs__  epyt-is-override  no-lazyload\" title=\"YouTube player\"  allow=\"fullscreen; accelerometer; autoplay; clipboard-write; encrypted-media; gyroscope; picture-in-picture; web-share\" referrerpolicy=\"strict-origin-when-cross-origin\" allowfullscreen data-no-lazy=\"1\" data-skipgform_ajax_framebjll=\"\"><\/iframe>\n<\/div><\/figure>\n","protected":false},"excerpt":{"rendered":"<p>\u00a0Le dober mesec po izidu&nbsp;drugega albuma Vse Kar Smo&nbsp;so se o\u010darljivi kamni\u0161ki indierockerji&nbsp;BEFORE TIME&nbsp;strumno lotili novega izziva. Svoji glasbi so nadeli akusti\u010dno preobleko ter ji&nbsp;z godalnim kvartetom, klavirjem&nbsp;in&nbsp;tolkali&nbsp;dodali orkestrski pridih.&nbsp;Avtor in voditelj&nbsp;Jure Longyka&nbsp;ni skrival navdu\u0161enja:&nbsp;&#8220;Tako se iz\u0161teka!&#8221;&nbsp;V spremni pogovor se je na poseben na\u010din vklju\u010dilo tudi ob\u010dinstvo. Spomladanski niz v Cankarjevem domu bodo&nbsp;19. maja&nbsp;sklenili&nbsp;LIAMERE. Before&hellip;&nbsp;<a href=\"https:\/\/roglacup.com\/klaus62\/2026\/05\/01\/morning-song-before-time-ukraden-dan\/\" class=\"\" rel=\"bookmark\">Read More &raquo;<span class=\"screen-reader-text\">Morning song #Before time #Ukraden dan<\/span><\/a><\/p>\n","protected":false},"author":1,"featured_media":18590,"comment_status":"open","ping_status":"open","sticky":false,"template":"","format":"standard","meta":{"neve_meta_sidebar":"","neve_meta_container":"","neve_meta_enable_content_width":"","neve_meta_content_width":0,"neve_meta_title_alignment":"","neve_meta_author_avatar":"","neve_post_elements_order":"","neve_meta_disable_header":"","neve_meta_disable_footer":"","neve_meta_disable_title":"","footnotes":""},"categories":[12],"tags":[2654],"class_list":["post-18589","post","type-post","status-publish","format-standard","has-post-thumbnail","hentry","category-morning-song","tag-before-time-ukraden-dan"],"amp_enabled":true,"_links":{"self":[{"href":"https:\/\/roglacup.com\/klaus62\/wp-json\/wp\/v2\/posts\/18589","targetHints":{"allow":["GET"]}}],"collection":[{"href":"https:\/\/roglacup.com\/klaus62\/wp-json\/wp\/v2\/posts"}],"about":[{"href":"https:\/\/roglacup.com\/klaus62\/wp-json\/wp\/v2\/types\/post"}],"author":[{"embeddable":true,"href":"https:\/\/roglacup.com\/klaus62\/wp-json\/wp\/v2\/users\/1"}],"replies":[{"embeddable":true,"href":"https:\/\/roglacup.com\/klaus62\/wp-json\/wp\/v2\/comments?post=18589"}],"version-history":[{"count":1,"href":"https:\/\/roglacup.com\/klaus62\/wp-json\/wp\/v2\/posts\/18589\/revisions"}],"predecessor-version":[{"id":18591,"href":"https:\/\/roglacup.com\/klaus62\/wp-json\/wp\/v2\/posts\/18589\/revisions\/18591"}],"wp:featuredmedia":[{"embeddable":true,"href":"https:\/\/roglacup.com\/klaus62\/wp-json\/wp\/v2\/media\/18590"}],"wp:attachment":[{"href":"https:\/\/roglacup.com\/klaus62\/wp-json\/wp\/v2\/media?parent=18589"}],"wp:term":[{"taxonomy":"category","embeddable":true,"href":"https:\/\/roglacup.com\/klaus62\/wp-json\/wp\/v2\/categories?post=18589"},{"taxonomy":"post_tag","embeddable":true,"href":"https:\/\/roglacup.com\/klaus62\/wp-json\/wp\/v2\/tags?post=18589"}],"curies":[{"name":"wp","href":"https:\/\/api.w.org\/{rel}","templated":true}]}}