{"id":7847,"date":"2022-12-23T04:03:00","date_gmt":"2022-12-23T03:03:00","guid":{"rendered":"http:\/\/roglacup.com\/klaus62\/?p=7847"},"modified":"2022-12-19T05:39:43","modified_gmt":"2022-12-19T04:39:43","slug":"morning-song-leb-i-sol-cukni-vo-drvo","status":"publish","type":"post","link":"https:\/\/roglacup.com\/klaus62\/2022\/12\/23\/morning-song-leb-i-sol-cukni-vo-drvo\/","title":{"rendered":"Morning song# Leb i Sol# \u010cukni Vo Drvo"},"content":{"rendered":"\n<h2 class=\"wp-block-heading\">VLATKO STEFANOVSKI S SVOJIM TRIOM 11.12.2022<\/h2>\n\n\n\n<p><strong><em>Gostuje Vlatko Stefanovski<\/em><\/strong><\/p>\n\n\n\n<p><\/p>\n\n\n\n<p>11. decembra 2022 bo v Mestnem gledali\u0161\u010du Ptuj Vlatko Stefanovski nastopil s svojim triom. Ta ve\u010der in ta koncert bi bil dragocen \u017ee sam po sebi, a pravi pomen in vrednost tega ve\u010dera je zanimivi zgodbi, ki je privedla do tega, da bo ta koncert prav na ta ve\u010der.<\/p>\n\n\n\n<p>11. decembra 1957 je na odru Mestnega gledali\u0161\u010da Ptuj imel premiero Mirko Stefanovski, Vlatkov o\u010de. Po 65 letih od takratne premiere bo na odru Mestnega gledali\u0161\u010da Ptuj koncert Vlatka Stefanovskega in njegovega tria in smo ponosni, da je na\u0161e Mestno gledali\u0161\u010de Ptuj tako povezano in prepleteno z \u017eivljenjsko zgodbo tako velikega makedonskega re\u017eiserja Mirka Stefanovskega, kot tudi enega najve\u010djih kitarskih magov v zgodovini Vlatka Stefanovskega.<\/p>\n\n\n\n<p>Posted from: <a href=\"https:\/\/www.mgp.si\/project\/vlatko-stefanovski-s-svojim-triom\/\">https:\/\/www.mgp.si\/project\/vlatko-stefanovski-s-svojim-triom\/<\/a><\/p>\n\n\n\n<p>Najve\u0107i gitarist na\u0161ih prostora i zasigurno jedan od najboljih u Europi, ali i puno \u0161ire,&nbsp;Vlatko Stefanovski, nastupio je sa svojim triom&nbsp;u Koncertnoj dvorani Vatroslava Lisinskog pro\u0161log utorka, 7. prosinca.<\/p>\n\n\n\n<p>Na iznena\u0111enje publike, trio je ubrzo postao kvartet, a jo\u0161 ve\u0107e iznena\u0111enje uslijedilo je&nbsp;kada se&nbsp;na pozornici nenajavljeno pojavio Rade \u0160erbed\u017eija. Koncert je zapo\u010deo \u201cuspavano\u201d, ali u smislu da su ga&nbsp;Vlatko, njegov sin Jan za bubnjevima i Ivan Kuki\u0107 na basu, otvorili s \u201cUspavankom za Radmilu M.\u201d. Mnogobrojna publika dobila je potom i \u201cVlatkovo oro\u201d koje je najavilo dolazak&nbsp;Damira Imerija&nbsp;za&nbsp;klavijature i Hammond orgulje. Takvu formaciju ne pamtimo od Leba i soli, a bila je to prava prigoda da se zasviraju i neke pjesme u druga\u010dijim aran\u017emanima ili neke koje ba\u0161 zahtijevaju zvuk klavijatura ili orgulja. Uslijedile su \u201cSeir\u201d, \u201cKandilce\u201d, \u201cVerba, nade\u017e, ljubov\u201d, \u201cGypsy Song\u201d, \u201cNe si go prodavaj Koljo\u201d, ali i&nbsp;ubrzavanje mjere, od sedam-osminske&nbsp;uz \u201c7\/8 oro\u201d, preko jedanaest-osminske&nbsp;uz \u201cKalajd\u017eisko oro\u201d, do trinaest-osminske&nbsp;uz \u201cPelistersko kolo\u201d. Publika je doslovno dovedena do potpune ekstaze, \u010demu je pridonijela i virtuoznost pojedinih \u010dlanova benda, ponajvi\u0161e Vlatka, ali i sina Jana.<\/p>\n\n\n\n<p><\/p>\n\n\n\n<p>Posted from: <a href=\"https:\/\/novosti.hr\/vlatko-stefanovski-u-kvartet-formaciji-u-lisinskom-od-7-8-mjere-do-potpune-ekstaze\/\">https:\/\/novosti.hr\/vlatko-stefanovski-u-kvartet-formaciji-u-lisinskom-od-7-8-mjere-do-potpune-ekstaze\/<\/a><\/p>\n\n\n\n<figure class=\"wp-block-embed is-type-video is-provider-youtube wp-block-embed-youtube wp-embed-aspect-4-3 wp-has-aspect-ratio\"><div class=\"wp-block-embed__wrapper\">\n<iframe loading=\"lazy\"  id=\"_ytid_80841\"  width=\"1200\" height=\"900\"  data-origwidth=\"1200\" data-origheight=\"900\" src=\"https:\/\/www.youtube.com\/embed\/fswkYe8J47w?enablejsapi=1&#038;autoplay=0&#038;cc_load_policy=0&#038;cc_lang_pref=&#038;iv_load_policy=1&#038;loop=0&#038;rel=1&#038;fs=1&#038;playsinline=0&#038;autohide=2&#038;theme=dark&#038;color=red&#038;controls=1&#038;disablekb=0&#038;\" class=\"__youtube_prefs__  epyt-is-override  no-lazyload\" title=\"YouTube player\"  allow=\"fullscreen; accelerometer; autoplay; clipboard-write; encrypted-media; gyroscope; picture-in-picture; web-share\" referrerpolicy=\"strict-origin-when-cross-origin\" allowfullscreen data-no-lazy=\"1\" data-skipgform_ajax_framebjll=\"\"><\/iframe>\n<\/div><\/figure>\n","protected":false},"excerpt":{"rendered":"<p>VLATKO STEFANOVSKI S SVOJIM TRIOM 11.12.2022 Gostuje Vlatko Stefanovski 11. decembra 2022 bo v Mestnem gledali\u0161\u010du Ptuj Vlatko Stefanovski nastopil s svojim triom. Ta ve\u010der in ta koncert bi bil dragocen \u017ee sam po sebi, a pravi pomen in vrednost tega ve\u010dera je zanimivi zgodbi, ki je privedla do tega, da bo ta koncert prav&hellip;&nbsp;<a href=\"https:\/\/roglacup.com\/klaus62\/2022\/12\/23\/morning-song-leb-i-sol-cukni-vo-drvo\/\" class=\"\" rel=\"bookmark\">Read More &raquo;<span class=\"screen-reader-text\">Morning song# Leb i Sol# \u010cukni Vo Drvo<\/span><\/a><\/p>\n","protected":false},"author":1,"featured_media":7855,"comment_status":"open","ping_status":"open","sticky":false,"template":"","format":"standard","meta":{"neve_meta_sidebar":"","neve_meta_container":"","neve_meta_enable_content_width":"","neve_meta_content_width":0,"neve_meta_title_alignment":"","neve_meta_author_avatar":"","neve_post_elements_order":"","neve_meta_disable_header":"","neve_meta_disable_footer":"","neve_meta_disable_title":"","footnotes":""},"categories":[12],"tags":[843],"class_list":["post-7847","post","type-post","status-publish","format-standard","has-post-thumbnail","hentry","category-morning-song","tag-leb-i-sol-cukni-vo-drvo"],"amp_enabled":true,"_links":{"self":[{"href":"https:\/\/roglacup.com\/klaus62\/wp-json\/wp\/v2\/posts\/7847","targetHints":{"allow":["GET"]}}],"collection":[{"href":"https:\/\/roglacup.com\/klaus62\/wp-json\/wp\/v2\/posts"}],"about":[{"href":"https:\/\/roglacup.com\/klaus62\/wp-json\/wp\/v2\/types\/post"}],"author":[{"embeddable":true,"href":"https:\/\/roglacup.com\/klaus62\/wp-json\/wp\/v2\/users\/1"}],"replies":[{"embeddable":true,"href":"https:\/\/roglacup.com\/klaus62\/wp-json\/wp\/v2\/comments?post=7847"}],"version-history":[{"count":2,"href":"https:\/\/roglacup.com\/klaus62\/wp-json\/wp\/v2\/posts\/7847\/revisions"}],"predecessor-version":[{"id":7850,"href":"https:\/\/roglacup.com\/klaus62\/wp-json\/wp\/v2\/posts\/7847\/revisions\/7850"}],"wp:featuredmedia":[{"embeddable":true,"href":"https:\/\/roglacup.com\/klaus62\/wp-json\/wp\/v2\/media\/7855"}],"wp:attachment":[{"href":"https:\/\/roglacup.com\/klaus62\/wp-json\/wp\/v2\/media?parent=7847"}],"wp:term":[{"taxonomy":"category","embeddable":true,"href":"https:\/\/roglacup.com\/klaus62\/wp-json\/wp\/v2\/categories?post=7847"},{"taxonomy":"post_tag","embeddable":true,"href":"https:\/\/roglacup.com\/klaus62\/wp-json\/wp\/v2\/tags?post=7847"}],"curies":[{"name":"wp","href":"https:\/\/api.w.org\/{rel}","templated":true}]}}